{"id":5005,"date":"2024-12-08T10:00:00","date_gmt":"2024-12-08T10:00:00","guid":{"rendered":"https:\/\/tecair.com\/rene-van-boxtel-appointed-new-director-of-tecair-bv\/"},"modified":"2025-11-13T10:19:22","modified_gmt":"2025-11-13T10:19:22","slug":"rene-van-boxtel-appointed-new-director-of-tecair-bv","status":"publish","type":"post","link":"https:\/\/tecair.com\/en\/rene-van-boxtel-appointed-new-director-of-tecair-bv\/","title":{"rendered":"Ren\u00e9 van Boxtel appointed new director of Tecair BV"},"content":{"rendered":"\t\t<div data-elementor-type=\"wp-post\" data-elementor-id=\"5005\" class=\"elementor elementor-5005 elementor-4993\" data-elementor-post-type=\"post\">\n\t\t\t\t\t\t<section class=\"elementor-section elementor-top-section elementor-element elementor-element-8821e37 elementor-section-boxed elementor-section-height-default elementor-section-height-default\" data-id=\"8821e37\" data-element_type=\"section\" data-e-type=\"section\" data-settings=\"{&quot;background_background&quot;:&quot;classic&quot;}\">\n\t\t\t\t\t\t\t<div class=\"elementor-background-overlay\"><\/div>\n\t\t\t\t\t\t\t<div class=\"elementor-container elementor-column-gap-default\">\n\t\t\t\t\t<div class=\"elementor-column elementor-col-100 elementor-top-column elementor-element elementor-element-2a83916\" data-id=\"2a83916\" data-element_type=\"column\" data-e-type=\"column\">\n\t\t\t<div class=\"elementor-widget-wrap elementor-element-populated\">\n\t\t\t\t\t\t<div class=\"elementor-element elementor-element-d8b6471 elementor-align-center elementor-icon-list--layout-traditional elementor-list-item-link-full_width elementor-widget elementor-widget-icon-list\" data-id=\"d8b6471\" data-element_type=\"widget\" data-e-type=\"widget\" data-widget_type=\"icon-list.default\">\n\t\t\t\t<div class=\"elementor-widget-container\">\n\t\t\t\t\t\t\t<ul class=\"elementor-icon-list-items\">\n\t\t\t\t\t\t\t<li class=\"elementor-icon-list-item\">\n\t\t\t\t\t\t\t\t\t\t\t<a href=\"https:\/\/tecair.com\/en\/news\/\">\n\n\t\t\t\t\t\t\t\t\t\t\t<span class=\"elementor-icon-list-text\">News<\/span>\n\t\t\t\t\t\t\t\t\t\t\t<\/a>\n\t\t\t\t\t\t\t\t\t<\/li>\n\t\t\t\t\t\t<\/ul>\n\t\t\t\t\t\t<\/div>\n\t\t\t\t<\/div>\n\t\t\t\t<div class=\"elementor-element elementor-element-3ec59c0 elementor-widget elementor-widget-heading\" data-id=\"3ec59c0\" data-element_type=\"widget\" data-e-type=\"widget\" data-widget_type=\"heading.default\">\n\t\t\t\t<div class=\"elementor-widget-container\">\n\t\t\t\t\t<h2 class=\"elementor-heading-title elementor-size-default\">Ren\u00e9 van Boxtel appointed new director of Tecair BV<\/h2>\t\t\t\t<\/div>\n\t\t\t\t<\/div>\n\t\t\t\t\t<\/div>\n\t\t<\/div>\n\t\t\t\t\t<\/div>\n\t\t<\/section>\n\t\t<div class=\"elementor-element elementor-element-6093a81 e-flex e-con-boxed e-con e-parent\" data-id=\"6093a81\" data-element_type=\"container\" data-e-type=\"container\" data-settings=\"{&quot;background_background&quot;:&quot;classic&quot;}\">\n\t\t\t\t\t<div class=\"e-con-inner\">\n\t\t<div class=\"elementor-element elementor-element-692d269 e-con-full e-flex e-con e-child\" data-id=\"692d269\" data-element_type=\"container\" data-e-type=\"container\">\n\t\t\t\t<div class=\"elementor-element elementor-element-20c0ef9 elementor-align-start elementor-icon-list--layout-traditional elementor-list-item-link-full_width elementor-widget elementor-widget-icon-list\" data-id=\"20c0ef9\" data-element_type=\"widget\" data-e-type=\"widget\" data-widget_type=\"icon-list.default\">\n\t\t\t\t<div class=\"elementor-widget-container\">\n\t\t\t\t\t\t\t<ul class=\"elementor-icon-list-items\">\n\t\t\t\t\t\t\t<li class=\"elementor-icon-list-item\">\n\t\t\t\t\t\t\t\t\t\t\t<a href=\"https:\/\/tecair.com\/en\/news\/\">\n\n\t\t\t\t\t\t\t\t\t\t\t\t<span class=\"elementor-icon-list-icon\">\n\t\t\t\t\t\t\t<i aria-hidden=\"true\" class=\" arrow_back\"><\/i>\t\t\t\t\t\t<\/span>\n\t\t\t\t\t\t\t\t\t\t<span class=\"elementor-icon-list-text\">See more news<\/span>\n\t\t\t\t\t\t\t\t\t\t\t<\/a>\n\t\t\t\t\t\t\t\t\t<\/li>\n\t\t\t\t\t\t<\/ul>\n\t\t\t\t\t\t<\/div>\n\t\t\t\t<\/div>\n\t\t\t\t<div class=\"elementor-element elementor-element-f489de5 elementor-widget elementor-widget-heading\" data-id=\"f489de5\" data-element_type=\"widget\" data-e-type=\"widget\" data-widget_type=\"heading.default\">\n\t\t\t\t<div class=\"elementor-widget-container\">\n\t\t\t\t\t<h2 class=\"elementor-heading-title elementor-size-default\">Ren\u00e9 van Boxtel appointed new director of Tecair BV<\/h2>\t\t\t\t<\/div>\n\t\t\t\t<\/div>\n\t\t\t\t<div class=\"elementor-element elementor-element-8aab599 elementor-widget elementor-widget-text-editor\" data-id=\"8aab599\" data-element_type=\"widget\" data-e-type=\"widget\" data-widget_type=\"text-editor.default\">\n\t\t\t\t<div class=\"elementor-widget-container\">\n\t\t\t\t\t\t\t\t\t<p data-start=\"135\" data-end=\"436\">Dacke Industri announces that Ren\u00e9 van Boxtel has been appointed as the new director of Tecair BV. He will start on February 1, 2025. Ren\u00e9 brings extensive experience in international sales and regional management, making him a strong choice to lead Tecair into its next phase of growth and development.  <\/p>\t\t\t\t\t\t\t\t<\/div>\n\t\t\t\t<\/div>\n\t\t\t\t<div class=\"elementor-element elementor-element-a3e263c elementor-widget-divider--view-line elementor-widget elementor-widget-divider\" data-id=\"a3e263c\" data-element_type=\"widget\" data-e-type=\"widget\" data-widget_type=\"divider.default\">\n\t\t\t\t<div class=\"elementor-widget-container\">\n\t\t\t\t\t\t\t<div class=\"elementor-divider\">\n\t\t\t<span class=\"elementor-divider-separator\">\n\t\t\t\t\t\t<\/span>\n\t\t<\/div>\n\t\t\t\t\t\t<\/div>\n\t\t\t\t<\/div>\n\t\t\t\t<div class=\"elementor-element elementor-element-f31d80c elementor-widget elementor-widget-text-editor\" data-id=\"f31d80c\" data-element_type=\"widget\" data-e-type=\"widget\" data-widget_type=\"text-editor.default\">\n\t\t\t\t<div class=\"elementor-widget-container\">\n\t\t\t\t\t\t\t\t\t<p data-start=\"438\" data-end=\"943\">In recent years, Ren\u00e9 worked at Trespa International BV, where he was responsible for results in the Netherlands, the United Kingdom, Ireland, Belgium, and Luxembourg. With his strategic approach and focus on market growth, he made a significant contribution to Trespa&#8217;s success in these regions. Previously, he held positions as country manager and business development manager at other companies, where he distinguished himself in building customer relationships and achieving growth.   <\/p>\n<p data-start=\"945\" data-end=\"1237\">Dacke Industri expresses its great appreciation to Marco Markus, co-owner and director, for his dedication and long-standing contribution to the growth of Tecair BV. After many successful years, Marco will remain involved as a senior advisor until the end of 2025. He will also remain a board member and co-owner.  <\/p>\n<p data-start=\"1239\" data-end=\"1486\">At the end of this year, Mika Virtanen, President of Air Technology and Electromechanics at Dacke Industri, will hand over his role as chairman of Tecair BV to Satu Rautavalta, VP Business Area Air Technology at Dacke Industri. She will start on January 1, 2025. <\/p>\n<p data-start=\"1488\" data-end=\"1772\">Ren\u00e9 van Boxtel says:<br data-start=\"1509\" data-end=\"1512\">\u201cI am looking forward to starting at Tecair and working with the team and our customers. I would like to contribute to further strengthening our services and meeting the expectations of customers, partners, and other stakeholders.\u201d<\/p>\n<p data-start=\"1774\" data-end=\"2019\">Marco Markus says:<br data-start=\"1792\" data-end=\"1795\">\u201cI am proud of what we have achieved with Dacke Industri, our employees, partners, and customers. Ren\u00e9 brings new energy and vision that will further strengthen Tecair. We look forward to the next step under his leadership.\u201d<\/p>\n<p data-start=\"2021\" data-end=\"2209\">Satu Rautavalta says:<br data-start=\"2042\" data-end=\"2045\">\u201cWe are confident that Ren\u00e9, as the new CEO, will lead the company into a strong future and continue to deliver value to customers and other stakeholders worldwide.\u201d<\/p>\n<p data-start=\"2211\" data-end=\"2463\">Mika Virtanen adds:<br data-start=\"2235\" data-end=\"2238\">\u201cWe are delighted to welcome Ren\u00e9 as the new director of Tecair BV. His entrepreneurial attitude and his ability to combine sharp analysis with listening carefully to the team make him an excellent match for Tecair.\u201d<\/p>\n<p data-start=\"2465\" data-end=\"2488\"><strong data-start=\"2465\" data-end=\"2488\">About Dacke Industri<\/strong><\/p>\n<p data-start=\"2490\" data-end=\"2819\">Dacke Industri is a long-term owner that invests in innovative technology companies within selected niches with growth potential. We offer knowledge and strategic guidance to help companies develop sustainably. We work with a decentralized model in which our companies have a high degree of autonomy.  <\/p>\n<p data-start=\"2821\" data-end=\"3047\">Our companies develop their own products and systems with a strong technical foundation, design expertise, and a focus on quality. They utilize existing innovation platforms and work on sustainable products and production. <\/p>\n<p data-start=\"3049\" data-end=\"3304\" data-is-last-node=\"\" data-is-only-node=\"\">Dacke Industri currently has twenty-six subsidiaries in four divisions, approximately 1,700 employees worldwide, and a turnover of SEK 4.5 billion. The company has been owned by Nordstjernan since January 2016. <\/p>\t\t\t\t\t\t\t\t<\/div>\n\t\t\t\t<\/div>\n\t\t\t\t<\/div>\n\t\t\t\t\t<\/div>\n\t\t\t\t<\/div>\n\t\t\t\t<section class=\"elementor-section elementor-top-section elementor-element elementor-element-d4c98da elementor-section-boxed elementor-section-height-default elementor-section-height-default\" data-id=\"d4c98da\" data-element_type=\"section\" data-e-type=\"section\" data-settings=\"{&quot;background_background&quot;:&quot;classic&quot;}\">\n\t\t\t\t\t\t<div class=\"elementor-container elementor-column-gap-default\">\n\t\t\t\t\t<div class=\"elementor-column elementor-col-100 elementor-top-column elementor-element elementor-element-11f1e34\" data-id=\"11f1e34\" data-element_type=\"column\" data-e-type=\"column\">\n\t\t\t<div class=\"elementor-widget-wrap elementor-element-populated\">\n\t\t\t\t\t\t<section class=\"elementor-section elementor-inner-section elementor-element elementor-element-577c1b2 elementor-section-boxed elementor-section-height-default elementor-section-height-default\" data-id=\"577c1b2\" data-element_type=\"section\" data-e-type=\"section\" data-settings=\"{&quot;background_background&quot;:&quot;classic&quot;}\">\n\t\t\t\t\t\t\t<div class=\"elementor-background-overlay\"><\/div>\n\t\t\t\t\t\t\t<div class=\"elementor-container elementor-column-gap-default\">\n\t\t\t\t\t<div class=\"elementor-column elementor-col-50 elementor-inner-column elementor-element elementor-element-469db00\" data-id=\"469db00\" data-element_type=\"column\" data-e-type=\"column\">\n\t\t\t<div class=\"elementor-widget-wrap elementor-element-populated\">\n\t\t\t\t\t\t<div class=\"elementor-element elementor-element-7c6358d elementor-widget elementor-widget-heading\" data-id=\"7c6358d\" data-element_type=\"widget\" data-e-type=\"widget\" data-widget_type=\"heading.default\">\n\t\t\t\t<div class=\"elementor-widget-container\">\n\t\t\t\t\t<h2 class=\"elementor-heading-title elementor-size-default\">Want to know more or request a quote directly?<\/h2>\t\t\t\t<\/div>\n\t\t\t\t<\/div>\n\t\t\t\t<div class=\"elementor-element elementor-element-1534e05 elementor-widget elementor-widget-text-editor\" data-id=\"1534e05\" data-element_type=\"widget\" data-e-type=\"widget\" data-widget_type=\"text-editor.default\">\n\t\t\t\t<div class=\"elementor-widget-container\">\n\t\t\t\t\t\t\t\t\t<p>Our experts will be happy to advise you on the right components for your application. Contact us and discover how we can make your processes smarter, safer and future-proof. <\/p>\t\t\t\t\t\t\t\t<\/div>\n\t\t\t\t<\/div>\n\t\t\t\t<div class=\"elementor-element elementor-element-47f9f45 elementor-tablet-align-center elementor-mobile-align-center elementor-icon-list--layout-traditional elementor-list-item-link-full_width elementor-widget elementor-widget-icon-list\" data-id=\"47f9f45\" data-element_type=\"widget\" data-e-type=\"widget\" data-widget_type=\"icon-list.default\">\n\t\t\t\t<div class=\"elementor-widget-container\">\n\t\t\t\t\t\t\t<ul class=\"elementor-icon-list-items\">\n\t\t\t\t\t\t\t<li class=\"elementor-icon-list-item\">\n\t\t\t\t\t\t\t\t\t\t\t<a href=\"\">\n\n\t\t\t\t\t\t\t\t\t\t\t\t<span class=\"elementor-icon-list-icon\">\n\t\t\t\t\t\t\t<svg aria-hidden=\"true\" class=\"e-font-icon-svg e-fas-phone-alt\" viewBox=\"0 0 512 512\" xmlns=\"http:\/\/www.w3.org\/2000\/svg\"><path d=\"M497.39 361.8l-112-48a24 24 0 0 0-28 6.9l-49.6 60.6A370.66 370.66 0 0 1 130.6 204.11l60.6-49.6a23.94 23.94 0 0 0 6.9-28l-48-112A24.16 24.16 0 0 0 122.6.61l-104 24A24 24 0 0 0 0 48c0 256.5 207.9 464 464 464a24 24 0 0 0 23.4-18.6l24-104a24.29 24.29 0 0 0-14.01-27.6z\"><\/path><\/svg>\t\t\t\t\t\t<\/span>\n\t\t\t\t\t\t\t\t\t\t<span class=\"elementor-icon-list-text\">+31 (0)512 51 00 80<\/span>\n\t\t\t\t\t\t\t\t\t\t\t<\/a>\n\t\t\t\t\t\t\t\t\t<\/li>\n\t\t\t\t\t\t<\/ul>\n\t\t\t\t\t\t<\/div>\n\t\t\t\t<\/div>\n\t\t\t\t<div class=\"elementor-element elementor-element-d105f30 elementor-tablet-align-center elementor-mobile-align-center elementor-icon-list--layout-traditional elementor-list-item-link-full_width elementor-widget elementor-widget-icon-list\" data-id=\"d105f30\" data-element_type=\"widget\" data-e-type=\"widget\" data-widget_type=\"icon-list.default\">\n\t\t\t\t<div class=\"elementor-widget-container\">\n\t\t\t\t\t\t\t<ul class=\"elementor-icon-list-items\">\n\t\t\t\t\t\t\t<li class=\"elementor-icon-list-item\">\n\t\t\t\t\t\t\t\t\t\t\t<a href=\"mailto:sales@tecair.com\">\n\n\t\t\t\t\t\t\t\t\t\t\t\t<span class=\"elementor-icon-list-icon\">\n\t\t\t\t\t\t\t<svg aria-hidden=\"true\" class=\"e-font-icon-svg e-fas-envelope\" viewBox=\"0 0 512 512\" xmlns=\"http:\/\/www.w3.org\/2000\/svg\"><path d=\"M502.3 190.8c3.9-3.1 9.7-.2 9.7 4.7V400c0 26.5-21.5 48-48 48H48c-26.5 0-48-21.5-48-48V195.6c0-5 5.7-7.8 9.7-4.7 22.4 17.4 52.1 39.5 154.1 113.6 21.1 15.4 56.7 47.8 92.2 47.6 35.7.3 72-32.8 92.3-47.6 102-74.1 131.6-96.3 154-113.7zM256 320c23.2.4 56.6-29.2 73.4-41.4 132.7-96.3 142.8-104.7 173.4-128.7 5.8-4.5 9.2-11.5 9.2-18.9v-19c0-26.5-21.5-48-48-48H48C21.5 64 0 85.5 0 112v19c0 7.4 3.4 14.3 9.2 18.9 30.6 23.9 40.7 32.4 173.4 128.7 16.8 12.2 50.2 41.8 73.4 41.4z\"><\/path><\/svg>\t\t\t\t\t\t<\/span>\n\t\t\t\t\t\t\t\t\t\t<span class=\"elementor-icon-list-text\">sales@tecair.com<\/span>\n\t\t\t\t\t\t\t\t\t\t\t<\/a>\n\t\t\t\t\t\t\t\t\t<\/li>\n\t\t\t\t\t\t<\/ul>\n\t\t\t\t\t\t<\/div>\n\t\t\t\t<\/div>\n\t\t\t\t\t<\/div>\n\t\t<\/div>\n\t\t\t\t<div class=\"elementor-column elementor-col-50 elementor-inner-column elementor-element elementor-element-b92c805\" data-id=\"b92c805\" data-element_type=\"column\" data-e-type=\"column\">\n\t\t\t<div class=\"elementor-widget-wrap elementor-element-populated\">\n\t\t\t\t\t\t<div class=\"elementor-element elementor-element-99348de fluentform-widget-submit-button-custom elementor-widget elementor-widget-fluent-form-widget\" data-id=\"99348de\" data-element_type=\"widget\" data-e-type=\"widget\" data-widget_type=\"fluent-form-widget.default\">\n\t\t\t\t<div class=\"elementor-widget-container\">\n\t\t\t\t\t\n            <div class=\"fluentform-widget-wrapper fluentform-widget-align-default\">\n\n            \n            <div class='fluentform ff-default fluentform_wrapper_5 ffs_default_wrap'><form data-form_id=\"5\" id=\"fluentform_5\" class=\"frm-fluent-form fluent_form_5 ff-el-form-top ff_form_instance_5_1 ff-form-loading ff_has_v3_recptcha ffs_default\" data-form_instance=\"ff_form_instance_5_1\" method=\"POST\" data-recptcha_key=\"6LcPMcMrAAAAAJ8oKB6bx8bb8ckQIAGdqCZDb4Ya\" ><fieldset  style=\"border: none!important;margin: 0!important;padding: 0!important;background-color: transparent!important;box-shadow: none!important;outline: none!important; min-inline-size: 100%;\">\n                    <legend class=\"ff_screen_reader_title\" style=\"display: block; margin: 0!important;padding: 0!important;height: 0!important;text-indent: -999999px;width: 0!important;overflow:hidden;\">Contactformulier\/Offerte aanvragen<\/legend><input type='hidden' name='__fluent_form_embded_post_id' value='5005' \/><input type=\"hidden\" id=\"_fluentform_5_fluentformnonce\" name=\"_fluentform_5_fluentformnonce\" value=\"5626ef9d00\" \/><input type=\"hidden\" name=\"_wp_http_referer\" value=\"\/en\/wp-json\/wp\/v2\/posts\/5005\" \/><div data-type=\"name-element\" data-name=\"names_1\" class=\" ff-field_container ff-name-field-wrapper\" ><div class='ff-t-container'><div class='ff-t-cell '><div class='ff-el-group ff-el-form-top'><div class=\"ff-el-input--label ff-el-is-required asterisk-right\"><label for='ff_5_names_1_first_name_' id='label_ff_5_names_1_first_name_' >Name<\/label><\/div><div class='ff-el-input--content'><input type=\"text\" name=\"names_1[first_name]\" id=\"ff_5_names_1_first_name_\" class=\"ff-el-form-control\" aria-invalid=\"false\" aria-required=true><\/div><\/div><\/div><div class='ff-t-cell '><div class='ff-el-group ff-el-form-top'><div class=\"ff-el-input--label asterisk-right\"><label for='ff_5_names_1_last_name_' id='label_ff_5_names_1_last_name_' >Lastname<\/label><\/div><div class='ff-el-input--content'><input type=\"text\" name=\"names_1[last_name]\" id=\"ff_5_names_1_last_name_\" class=\"ff-el-form-control\" aria-invalid=\"false\" aria-required=false><\/div><\/div><\/div><\/div><\/div><div data-name=\"ff_cn_id_1\"  class='ff-t-container ff-column-container ff_columns_total_2 '><div class='ff-t-cell ff-t-column-1' style='flex-basis: 50%;'><div class='ff-el-group'><div class=\"ff-el-input--label ff-el-is-required asterisk-right\"><label for='ff_5_email' id='label_ff_5_email' aria-label=\"Email address\">Email address<\/label><\/div><div class='ff-el-input--content'><input type=\"email\" name=\"email\" id=\"ff_5_email\" class=\"ff-el-form-control\" data-name=\"email\"  aria-invalid=\"false\" aria-required=true><\/div><\/div><\/div><div class='ff-t-cell ff-t-column-2' style='flex-basis: 50%;'><div class='ff-el-group'><div class=\"ff-el-input--label asterisk-right\"><label for='ff_5_input_text' id='label_ff_5_input_text' aria-label=\"Phone number\">Phone number<\/label><\/div><div class='ff-el-input--content'><input type=\"text\" name=\"input_text\" class=\"ff-el-form-control\" data-name=\"input_text\" id=\"ff_5_input_text\"  aria-invalid=\"false\" aria-required=false><\/div><\/div><\/div><\/div><div class='ff-el-group'><div class=\"ff-el-input--label ff-el-is-required asterisk-right\"><label for='ff_5_description' id='label_ff_5_description' aria-label=\"How can we assist you?\">How can we assist you?<\/label><\/div><div class='ff-el-input--content'><textarea aria-required=\"true\" aria-labelledby=\"label_ff_5_description\" name=\"description\" id=\"ff_5_description\" class=\"ff-el-form-control\" rows=\"4\" cols=\"2\" data-name=\"description\" ><\/textarea><\/div><\/div><div class='ff-el-group    ff-el-input--content'><div class='ff-el-form-check ff-el-tc'><label aria-label='Terms and Conditions:  I have read and agree to the Privacy Policy. Contains 1 link. Use tab navigation to review.' class='ff-el-form-check-label ff_tc_label' for=terms-n-condition_ee9389f3f6f2881b90e371441327c55e><span class='ff_tc_checkbox'><input type=\"checkbox\" name=\"terms-n-condition\" class=\"ff-el-form-check-input\" data-name=\"terms-n-condition\" id=\"terms-n-condition_ee9389f3f6f2881b90e371441327c55e\"  value='on' aria-invalid='false' aria-required=false><\/span> <div class='ff_t_c'> <p>I have read and agree to the <a href=\"https:\/\/tecair.com\/privacy-policy\/\">Privacy Policy<\/a>.<\/p><\/div><\/label><\/div><\/div><div class='ff-el-group ff-text-left ff_submit_btn_wrapper'><button type=\"submit\" class=\"ff-btn ff-btn-submit ff-btn-md ff_btn_style\"  aria-label=\"Send\">Send<\/button><\/div><\/fieldset><\/form><div id='fluentform_5_errors' class='ff-errors-in-stack ff_form_instance_5_1 ff-form-loading_errors ff_form_instance_5_1_errors'><\/div><\/div>            <script type=\"text\/javascript\">\n                window.fluent_form_ff_form_instance_5_1 = {\"id\":\"5\",\"ajaxUrl\":\"https:\\\/\\\/tecair.com\\\/wp-admin\\\/admin-ajax.php\",\"settings\":{\"layout\":{\"labelPlacement\":\"top\",\"asteriskPlacement\":\"asterisk-right\",\"helpMessagePlacement\":\"with_label\",\"errorMessagePlacement\":\"inline\",\"cssClassName\":\"\"},\"restrictions\":{\"denyEmptySubmission\":{\"enabled\":false}}},\"form_instance\":\"ff_form_instance_5_1\",\"form_id_selector\":\"fluentform_5\",\"rules\":{\"names_1[first_name]\":{\"required\":{\"value\":true,\"message\":\"This field is required\",\"global_message\":\"Dit veld is vereist\",\"global\":true}},\"names_1[middle_name]\":{\"required\":{\"value\":false,\"message\":\"This field is required\",\"global_message\":\"Dit veld is vereist\",\"global\":true}},\"names_1[last_name]\":{\"required\":{\"value\":false,\"message\":\"This field is required\",\"global_message\":\"Dit veld is vereist\",\"global\":true}},\"email\":{\"required\":{\"value\":true,\"message\":\"This field is required\",\"global_message\":\"Dit veld is vereist\",\"global\":true},\"email\":{\"value\":true,\"message\":\"This field must contain a valid email\",\"global_message\":\"Dit veld moet een geldig e-mailadres bevatten\",\"global\":true}},\"input_text\":{\"required\":{\"value\":false,\"message\":\"This field is required\",\"global_message\":\"Dit veld is vereist\",\"global\":true}},\"description\":{\"required\":{\"value\":true,\"message\":\"This field is required\",\"global_message\":\"Dit veld is vereist\",\"global\":true}},\"g-recaptcha-response\":[],\"terms-n-condition\":{\"required\":{\"value\":false,\"message\":\"This field is required\",\"global_message\":\"Dit veld is vereist\",\"global\":true}}},\"debounce_time\":300};\n                            <\/script>\n                        <\/div>\n\n            \t\t\t\t<\/div>\n\t\t\t\t<\/div>\n\t\t\t\t<div class=\"elementor-element elementor-element-a91faf1 elementor-widget elementor-widget-text-editor\" data-id=\"a91faf1\" data-element_type=\"widget\" data-e-type=\"widget\" data-widget_type=\"text-editor.default\">\n\t\t\t\t<div class=\"elementor-widget-container\">\n\t\t\t\t\t\t\t\t\t<p>\ud83d\udd12 Your information is safe with us &#8211; we never share it with others.<\/p>\t\t\t\t\t\t\t\t<\/div>\n\t\t\t\t<\/div>\n\t\t\t\t\t<\/div>\n\t\t<\/div>\n\t\t\t\t\t<\/div>\n\t\t<\/section>\n\t\t\t\t\t<\/div>\n\t\t<\/div>\n\t\t\t\t\t<\/div>\n\t\t<\/section>\n\t\t\t\t<\/div>\n\t\t","protected":false},"excerpt":{"rendered":"<p>Dacke Industri announces that Ren\u00e9 van Boxtel has been appointed as the new director of Tecair BV. He will start on February 1, 2025. Ren\u00e9 brings extensive experience in international sales and regional management, making him a strong choice to lead Tecair into its next phase of growth and development.  <\/p>\n","protected":false},"author":1,"featured_media":2502,"comment_status":"closed","ping_status":"open","sticky":false,"template":"elementor_header_footer","format":"standard","meta":{"footnotes":""},"categories":[1,55],"tags":[],"class_list":["post-5005","post","type-post","status-publish","format-standard","has-post-thumbnail","hentry","category-geen-onderdeel-van-een-categorie","category-news"],"yoast_head":"<!-- This site is optimized with the Yoast SEO plugin v27.4 - https:\/\/yoast.com\/product\/yoast-seo-wordpress\/ -->\n<title>Ren\u00e9 van Boxtel appointed new director of Tecair BV - Tecair<\/title>\n<meta name=\"robots\" content=\"index, follow, max-snippet:-1, max-image-preview:large, max-video-preview:-1\" \/>\n<link rel=\"canonical\" href=\"https:\/\/tecair.com\/en\/rene-van-boxtel-appointed-new-director-of-tecair-bv\/\" \/>\n<meta property=\"og:locale\" content=\"en_US\" \/>\n<meta property=\"og:type\" content=\"article\" \/>\n<meta property=\"og:title\" content=\"Ren\u00e9 van Boxtel appointed new director of Tecair BV - Tecair\" \/>\n<meta property=\"og:description\" content=\"Dacke Industri announces that Ren\u00e9 van Boxtel has been appointed as the new director of Tecair BV. He will start on February 1, 2025. Ren\u00e9 brings extensive experience in international sales and regional management, making him a strong choice to lead Tecair into its next phase of growth and development.\" \/>\n<meta property=\"og:url\" content=\"https:\/\/tecair.com\/en\/rene-van-boxtel-appointed-new-director-of-tecair-bv\/\" \/>\n<meta property=\"og:site_name\" content=\"Tecair\" \/>\n<meta property=\"article:published_time\" content=\"2024-12-08T10:00:00+00:00\" \/>\n<meta property=\"article:modified_time\" content=\"2025-11-13T10:19:22+00:00\" \/>\n<meta property=\"og:image\" content=\"https:\/\/tecair.com\/wp-content\/uploads\/2024\/12\/Website-Tecair-1200x670_-1-scaled-2.jpg\" \/>\n\t<meta property=\"og:image:width\" content=\"2560\" \/>\n\t<meta property=\"og:image:height\" content=\"1430\" \/>\n\t<meta property=\"og:image:type\" content=\"image\/jpeg\" \/>\n<meta name=\"author\" content=\"Sanne\" \/>\n<meta name=\"twitter:card\" content=\"summary_large_image\" \/>\n<meta name=\"twitter:label1\" content=\"Written by\" \/>\n\t<meta name=\"twitter:data1\" content=\"Sanne\" \/>\n\t<meta name=\"twitter:label2\" content=\"Est. reading time\" \/>\n\t<meta name=\"twitter:data2\" content=\"3 minutes\" \/>\n<script type=\"application\/ld+json\" class=\"yoast-schema-graph\">{\"@context\":\"https:\\\/\\\/schema.org\",\"@graph\":[{\"@type\":\"Article\",\"@id\":\"https:\\\/\\\/tecair.com\\\/en\\\/rene-van-boxtel-appointed-new-director-of-tecair-bv\\\/#article\",\"isPartOf\":{\"@id\":\"https:\\\/\\\/tecair.com\\\/en\\\/rene-van-boxtel-appointed-new-director-of-tecair-bv\\\/\"},\"author\":{\"name\":\"Sanne\",\"@id\":\"https:\\\/\\\/tecair.com\\\/#\\\/schema\\\/person\\\/7a3480bf6fa8a27dc7d6010987627ab0\"},\"headline\":\"Ren\u00e9 van Boxtel appointed new director of Tecair BV\",\"datePublished\":\"2024-12-08T10:00:00+00:00\",\"dateModified\":\"2025-11-13T10:19:22+00:00\",\"mainEntityOfPage\":{\"@id\":\"https:\\\/\\\/tecair.com\\\/en\\\/rene-van-boxtel-appointed-new-director-of-tecair-bv\\\/\"},\"wordCount\":575,\"publisher\":{\"@id\":\"https:\\\/\\\/tecair.com\\\/#organization\"},\"image\":{\"@id\":\"https:\\\/\\\/tecair.com\\\/en\\\/rene-van-boxtel-appointed-new-director-of-tecair-bv\\\/#primaryimage\"},\"thumbnailUrl\":\"https:\\\/\\\/tecair.com\\\/wp-content\\\/uploads\\\/2024\\\/12\\\/Website-Tecair-1200x670_-1-scaled-2.jpg\",\"articleSection\":[\"Geen onderdeel van een categorie\",\"News\"],\"inLanguage\":\"en-US\"},{\"@type\":\"WebPage\",\"@id\":\"https:\\\/\\\/tecair.com\\\/en\\\/rene-van-boxtel-appointed-new-director-of-tecair-bv\\\/\",\"url\":\"https:\\\/\\\/tecair.com\\\/en\\\/rene-van-boxtel-appointed-new-director-of-tecair-bv\\\/\",\"name\":\"Ren\u00e9 van Boxtel appointed new director of Tecair BV - Tecair\",\"isPartOf\":{\"@id\":\"https:\\\/\\\/tecair.com\\\/#website\"},\"primaryImageOfPage\":{\"@id\":\"https:\\\/\\\/tecair.com\\\/en\\\/rene-van-boxtel-appointed-new-director-of-tecair-bv\\\/#primaryimage\"},\"image\":{\"@id\":\"https:\\\/\\\/tecair.com\\\/en\\\/rene-van-boxtel-appointed-new-director-of-tecair-bv\\\/#primaryimage\"},\"thumbnailUrl\":\"https:\\\/\\\/tecair.com\\\/wp-content\\\/uploads\\\/2024\\\/12\\\/Website-Tecair-1200x670_-1-scaled-2.jpg\",\"datePublished\":\"2024-12-08T10:00:00+00:00\",\"dateModified\":\"2025-11-13T10:19:22+00:00\",\"breadcrumb\":{\"@id\":\"https:\\\/\\\/tecair.com\\\/en\\\/rene-van-boxtel-appointed-new-director-of-tecair-bv\\\/#breadcrumb\"},\"inLanguage\":\"en-US\",\"potentialAction\":[{\"@type\":\"ReadAction\",\"target\":[\"https:\\\/\\\/tecair.com\\\/en\\\/rene-van-boxtel-appointed-new-director-of-tecair-bv\\\/\"]}]},{\"@type\":\"ImageObject\",\"inLanguage\":\"en-US\",\"@id\":\"https:\\\/\\\/tecair.com\\\/en\\\/rene-van-boxtel-appointed-new-director-of-tecair-bv\\\/#primaryimage\",\"url\":\"https:\\\/\\\/tecair.com\\\/wp-content\\\/uploads\\\/2024\\\/12\\\/Website-Tecair-1200x670_-1-scaled-2.jpg\",\"contentUrl\":\"https:\\\/\\\/tecair.com\\\/wp-content\\\/uploads\\\/2024\\\/12\\\/Website-Tecair-1200x670_-1-scaled-2.jpg\",\"width\":2560,\"height\":1430},{\"@type\":\"BreadcrumbList\",\"@id\":\"https:\\\/\\\/tecair.com\\\/en\\\/rene-van-boxtel-appointed-new-director-of-tecair-bv\\\/#breadcrumb\",\"itemListElement\":[{\"@type\":\"ListItem\",\"position\":1,\"name\":\"Home\",\"item\":\"https:\\\/\\\/tecair.com\\\/\"},{\"@type\":\"ListItem\",\"position\":2,\"name\":\"Ren\u00e9 van Boxtel appointed new director of Tecair BV\"}]},{\"@type\":\"WebSite\",\"@id\":\"https:\\\/\\\/tecair.com\\\/#website\",\"url\":\"https:\\\/\\\/tecair.com\\\/\",\"name\":\"Tecair\",\"description\":\"Smart air. Lasting impact.\",\"publisher\":{\"@id\":\"https:\\\/\\\/tecair.com\\\/#organization\"},\"potentialAction\":[{\"@type\":\"SearchAction\",\"target\":{\"@type\":\"EntryPoint\",\"urlTemplate\":\"https:\\\/\\\/tecair.com\\\/?s={search_term_string}\"},\"query-input\":{\"@type\":\"PropertyValueSpecification\",\"valueRequired\":true,\"valueName\":\"search_term_string\"}}],\"inLanguage\":\"en-US\"},{\"@type\":\"Organization\",\"@id\":\"https:\\\/\\\/tecair.com\\\/#organization\",\"name\":\"Tecair\",\"url\":\"https:\\\/\\\/tecair.com\\\/\",\"logo\":{\"@type\":\"ImageObject\",\"inLanguage\":\"en-US\",\"@id\":\"https:\\\/\\\/tecair.com\\\/#\\\/schema\\\/logo\\\/image\\\/\",\"url\":\"https:\\\/\\\/tecair.com\\\/wp-content\\\/uploads\\\/2024\\\/04\\\/cropped-LogoTecairZwart.png\",\"contentUrl\":\"https:\\\/\\\/tecair.com\\\/wp-content\\\/uploads\\\/2024\\\/04\\\/cropped-LogoTecairZwart.png\",\"width\":463,\"height\":133,\"caption\":\"Tecair\"},\"image\":{\"@id\":\"https:\\\/\\\/tecair.com\\\/#\\\/schema\\\/logo\\\/image\\\/\"}},{\"@type\":\"Person\",\"@id\":\"https:\\\/\\\/tecair.com\\\/#\\\/schema\\\/person\\\/7a3480bf6fa8a27dc7d6010987627ab0\",\"name\":\"Sanne\",\"image\":{\"@type\":\"ImageObject\",\"inLanguage\":\"en-US\",\"@id\":\"https:\\\/\\\/secure.gravatar.com\\\/avatar\\\/8d4e2e6f18e0e7b23c2f248200d46b895c491965b9c32adeb18dc1c6dc91e63a?s=96&d=mm&r=g\",\"url\":\"https:\\\/\\\/secure.gravatar.com\\\/avatar\\\/8d4e2e6f18e0e7b23c2f248200d46b895c491965b9c32adeb18dc1c6dc91e63a?s=96&d=mm&r=g\",\"contentUrl\":\"https:\\\/\\\/secure.gravatar.com\\\/avatar\\\/8d4e2e6f18e0e7b23c2f248200d46b895c491965b9c32adeb18dc1c6dc91e63a?s=96&d=mm&r=g\",\"caption\":\"Sanne\"},\"sameAs\":[\"https:\\\/\\\/tecair.com\"],\"url\":\"https:\\\/\\\/tecair.com\\\/en\\\/author\\\/sanne\\\/\"}]}<\/script>\n<!-- \/ Yoast SEO plugin. -->","yoast_head_json":{"title":"Ren\u00e9 van Boxtel appointed new director of Tecair BV - Tecair","robots":{"index":"index","follow":"follow","max-snippet":"max-snippet:-1","max-image-preview":"max-image-preview:large","max-video-preview":"max-video-preview:-1"},"canonical":"https:\/\/tecair.com\/en\/rene-van-boxtel-appointed-new-director-of-tecair-bv\/","og_locale":"en_US","og_type":"article","og_title":"Ren\u00e9 van Boxtel appointed new director of Tecair BV - Tecair","og_description":"Dacke Industri announces that Ren\u00e9 van Boxtel has been appointed as the new director of Tecair BV. He will start on February 1, 2025. Ren\u00e9 brings extensive experience in international sales and regional management, making him a strong choice to lead Tecair into its next phase of growth and development.","og_url":"https:\/\/tecair.com\/en\/rene-van-boxtel-appointed-new-director-of-tecair-bv\/","og_site_name":"Tecair","article_published_time":"2024-12-08T10:00:00+00:00","article_modified_time":"2025-11-13T10:19:22+00:00","og_image":[{"width":2560,"height":1430,"url":"https:\/\/tecair.com\/wp-content\/uploads\/2024\/12\/Website-Tecair-1200x670_-1-scaled-2.jpg","type":"image\/jpeg"}],"author":"Sanne","twitter_card":"summary_large_image","twitter_misc":{"Written by":"Sanne","Est. reading time":"3 minutes"},"schema":{"@context":"https:\/\/schema.org","@graph":[{"@type":"Article","@id":"https:\/\/tecair.com\/en\/rene-van-boxtel-appointed-new-director-of-tecair-bv\/#article","isPartOf":{"@id":"https:\/\/tecair.com\/en\/rene-van-boxtel-appointed-new-director-of-tecair-bv\/"},"author":{"name":"Sanne","@id":"https:\/\/tecair.com\/#\/schema\/person\/7a3480bf6fa8a27dc7d6010987627ab0"},"headline":"Ren\u00e9 van Boxtel appointed new director of Tecair BV","datePublished":"2024-12-08T10:00:00+00:00","dateModified":"2025-11-13T10:19:22+00:00","mainEntityOfPage":{"@id":"https:\/\/tecair.com\/en\/rene-van-boxtel-appointed-new-director-of-tecair-bv\/"},"wordCount":575,"publisher":{"@id":"https:\/\/tecair.com\/#organization"},"image":{"@id":"https:\/\/tecair.com\/en\/rene-van-boxtel-appointed-new-director-of-tecair-bv\/#primaryimage"},"thumbnailUrl":"https:\/\/tecair.com\/wp-content\/uploads\/2024\/12\/Website-Tecair-1200x670_-1-scaled-2.jpg","articleSection":["Geen onderdeel van een categorie","News"],"inLanguage":"en-US"},{"@type":"WebPage","@id":"https:\/\/tecair.com\/en\/rene-van-boxtel-appointed-new-director-of-tecair-bv\/","url":"https:\/\/tecair.com\/en\/rene-van-boxtel-appointed-new-director-of-tecair-bv\/","name":"Ren\u00e9 van Boxtel appointed new director of Tecair BV - Tecair","isPartOf":{"@id":"https:\/\/tecair.com\/#website"},"primaryImageOfPage":{"@id":"https:\/\/tecair.com\/en\/rene-van-boxtel-appointed-new-director-of-tecair-bv\/#primaryimage"},"image":{"@id":"https:\/\/tecair.com\/en\/rene-van-boxtel-appointed-new-director-of-tecair-bv\/#primaryimage"},"thumbnailUrl":"https:\/\/tecair.com\/wp-content\/uploads\/2024\/12\/Website-Tecair-1200x670_-1-scaled-2.jpg","datePublished":"2024-12-08T10:00:00+00:00","dateModified":"2025-11-13T10:19:22+00:00","breadcrumb":{"@id":"https:\/\/tecair.com\/en\/rene-van-boxtel-appointed-new-director-of-tecair-bv\/#breadcrumb"},"inLanguage":"en-US","potentialAction":[{"@type":"ReadAction","target":["https:\/\/tecair.com\/en\/rene-van-boxtel-appointed-new-director-of-tecair-bv\/"]}]},{"@type":"ImageObject","inLanguage":"en-US","@id":"https:\/\/tecair.com\/en\/rene-van-boxtel-appointed-new-director-of-tecair-bv\/#primaryimage","url":"https:\/\/tecair.com\/wp-content\/uploads\/2024\/12\/Website-Tecair-1200x670_-1-scaled-2.jpg","contentUrl":"https:\/\/tecair.com\/wp-content\/uploads\/2024\/12\/Website-Tecair-1200x670_-1-scaled-2.jpg","width":2560,"height":1430},{"@type":"BreadcrumbList","@id":"https:\/\/tecair.com\/en\/rene-van-boxtel-appointed-new-director-of-tecair-bv\/#breadcrumb","itemListElement":[{"@type":"ListItem","position":1,"name":"Home","item":"https:\/\/tecair.com\/"},{"@type":"ListItem","position":2,"name":"Ren\u00e9 van Boxtel appointed new director of Tecair BV"}]},{"@type":"WebSite","@id":"https:\/\/tecair.com\/#website","url":"https:\/\/tecair.com\/","name":"Tecair","description":"Smart air. Lasting impact.","publisher":{"@id":"https:\/\/tecair.com\/#organization"},"potentialAction":[{"@type":"SearchAction","target":{"@type":"EntryPoint","urlTemplate":"https:\/\/tecair.com\/?s={search_term_string}"},"query-input":{"@type":"PropertyValueSpecification","valueRequired":true,"valueName":"search_term_string"}}],"inLanguage":"en-US"},{"@type":"Organization","@id":"https:\/\/tecair.com\/#organization","name":"Tecair","url":"https:\/\/tecair.com\/","logo":{"@type":"ImageObject","inLanguage":"en-US","@id":"https:\/\/tecair.com\/#\/schema\/logo\/image\/","url":"https:\/\/tecair.com\/wp-content\/uploads\/2024\/04\/cropped-LogoTecairZwart.png","contentUrl":"https:\/\/tecair.com\/wp-content\/uploads\/2024\/04\/cropped-LogoTecairZwart.png","width":463,"height":133,"caption":"Tecair"},"image":{"@id":"https:\/\/tecair.com\/#\/schema\/logo\/image\/"}},{"@type":"Person","@id":"https:\/\/tecair.com\/#\/schema\/person\/7a3480bf6fa8a27dc7d6010987627ab0","name":"Sanne","image":{"@type":"ImageObject","inLanguage":"en-US","@id":"https:\/\/secure.gravatar.com\/avatar\/8d4e2e6f18e0e7b23c2f248200d46b895c491965b9c32adeb18dc1c6dc91e63a?s=96&d=mm&r=g","url":"https:\/\/secure.gravatar.com\/avatar\/8d4e2e6f18e0e7b23c2f248200d46b895c491965b9c32adeb18dc1c6dc91e63a?s=96&d=mm&r=g","contentUrl":"https:\/\/secure.gravatar.com\/avatar\/8d4e2e6f18e0e7b23c2f248200d46b895c491965b9c32adeb18dc1c6dc91e63a?s=96&d=mm&r=g","caption":"Sanne"},"sameAs":["https:\/\/tecair.com"],"url":"https:\/\/tecair.com\/en\/author\/sanne\/"}]}},"_links":{"self":[{"href":"https:\/\/tecair.com\/en\/wp-json\/wp\/v2\/posts\/5005","targetHints":{"allow":["GET"]}}],"collection":[{"href":"https:\/\/tecair.com\/en\/wp-json\/wp\/v2\/posts"}],"about":[{"href":"https:\/\/tecair.com\/en\/wp-json\/wp\/v2\/types\/post"}],"author":[{"embeddable":true,"href":"https:\/\/tecair.com\/en\/wp-json\/wp\/v2\/users\/1"}],"replies":[{"embeddable":true,"href":"https:\/\/tecair.com\/en\/wp-json\/wp\/v2\/comments?post=5005"}],"version-history":[{"count":2,"href":"https:\/\/tecair.com\/en\/wp-json\/wp\/v2\/posts\/5005\/revisions"}],"predecessor-version":[{"id":5011,"href":"https:\/\/tecair.com\/en\/wp-json\/wp\/v2\/posts\/5005\/revisions\/5011"}],"wp:featuredmedia":[{"embeddable":true,"href":"https:\/\/tecair.com\/en\/wp-json\/wp\/v2\/media\/2502"}],"wp:attachment":[{"href":"https:\/\/tecair.com\/en\/wp-json\/wp\/v2\/media?parent=5005"}],"wp:term":[{"taxonomy":"category","embeddable":true,"href":"https:\/\/tecair.com\/en\/wp-json\/wp\/v2\/categories?post=5005"},{"taxonomy":"post_tag","embeddable":true,"href":"https:\/\/tecair.com\/en\/wp-json\/wp\/v2\/tags?post=5005"}],"curies":[{"name":"wp","href":"https:\/\/api.w.org\/{rel}","templated":true}]}}